{"id":759,"date":"2021-08-17T14:11:00","date_gmt":"2021-08-17T14:11:00","guid":{"rendered":"https:\/\/dynamicconsulting.com.br\/empresa\/?p=759"},"modified":"2021-08-17T17:47:12","modified_gmt":"2021-08-17T17:47:12","slug":"rfb-dispensa-da-efd-reinf-empresas-que-nao-tiverem-fatos-no-periodo-de-apuracao","status":"publish","type":"post","link":"https:\/\/dynamicconsulting.com.br\/empresa\/2021\/08\/17\/rfb-dispensa-da-efd-reinf-empresas-que-nao-tiverem-fatos-no-periodo-de-apuracao\/","title":{"rendered":"RFB Dispensa Da EFD-Reinf Empresas Que N\u00e3o Tiverem Fatos No Per\u00edodo De Apura\u00e7\u00e3o"},"content":{"rendered":"\n<p><strong>A Receita Federal publicou a Instru\u00e7\u00e3o Normativa RFB n\u00ba 2043, de 13 de agosto de 2021, revogando e substituindo a Instru\u00e7\u00e3o Normativa RFB n\u00ba 1701, de 2017.<\/strong><\/p>\n\n\n\n<p><strong>Dentre outras altera\u00e7\u00f5es, a nova IN dispensa da apresenta\u00e7\u00e3o da EFD-Reinf todas as empresas que n\u00e3o gerarem fatos a serem informados no per\u00edodo de apura\u00e7\u00e3o.<\/strong> Essa dispensa era concedida apenas \u00e0s empresas do chamado 3\u00ba grupo, que compreende as empresas do Simples Nacional, os empregadores e contribuintes pessoas f\u00edsicas, exceto os empregadores dom\u00e9sticos.<\/p>\n\n\n\n<p>Agora, isso foi estendido a todas as empresas, sejam do primeiro, segundo ou terceiro grupo e <strong>qualquer regime de tributa\u00e7\u00e3o<\/strong>, seja do Simples Nacional, lucro presumido ou lucro real. N\u00e3o h\u00e1 mais necessidade de informar a EFD-Reinf e, consequentemente, o \u201cSem Movimento\u201d. A dispensa de apresenta\u00e7\u00e3o, no entanto, \u00e9 apenas para o EFD-Reinf. Para o eSocial e a DCTFWeb continua necess\u00e1rio informar o \u201cSem Movimento\u201d.<\/p>\n\n\n\n<p><strong>Outra novidade \u00e9 o cronograma da apresenta\u00e7\u00e3o de pessoas f\u00edsicas para o 3\u00ba grupo, que devem prestar informa\u00e7\u00e3o na EFD-Reinf, se houver, a partir da compet\u00eancia julho de 2021.<\/strong> J\u00e1 que as escritura\u00e7\u00f5es eSocial e EFD-Reinf seguem o mesmo cronograma de obrigatoriedade e, considerando que o eSocial teve datas alteradas, conforme a Portaria Conjunta SEPTR\/RFB\/ME n\u00ba 71, alterou-se tamb\u00e9m o in\u00edcio de apresenta\u00e7\u00e3o do 3\u00ba grupo de obrigados (pessoas f\u00edsicas) da EFD-Reinf, para fatos ocorridos a partir de 1\u00ba de julho de 2021.<\/p>\n\n\n\n<div class=\"wp-block-image\"><figure class=\"aligncenter size-large\"><img loading=\"lazy\" width=\"600\" height=\"310\" src=\"https:\/\/dynamicconsulting.com.br\/empresa\/wp-content\/uploads\/2021\/08\/efd-reinf.jpg\" alt=\"\" class=\"wp-image-760\" srcset=\"https:\/\/dynamicconsulting.com.br\/empresa\/wp-content\/uploads\/2021\/08\/efd-reinf.jpg 600w, https:\/\/dynamicconsulting.com.br\/empresa\/wp-content\/uploads\/2021\/08\/efd-reinf-300x155.jpg 300w\" sizes=\"(max-width: 600px) 100vw, 600px\" \/><figcaption>Imagem: EXATUS<\/figcaption><\/figure><\/div>\n\n\n\n<p>Institu\u00edda em 2017, pela Instru\u00e7\u00e3o Normativa RFB n\u00ba 1767, de 14 de dezembro, a EFD-Reinf, em conjunto com o eSocial e a DCTFWeb, visa substituir a GFIP em rela\u00e7\u00e3o \u00e0 apura\u00e7\u00e3o e recolhimento da contribui\u00e7\u00e3o previdenci\u00e1ria e, assim, essas tr\u00eas obriga\u00e7\u00f5es acess\u00f3rias devem ser implantadas junto aos contribuintes de forma e prazos integrados, para garantir a correta apura\u00e7\u00e3o dos cr\u00e9ditos tribut\u00e1rios decorrentes, bem como, os respectivos recolhimentos na nova sistem\u00e1tica adotada para a arrecada\u00e7\u00e3o da contribui\u00e7\u00e3o previdenci\u00e1ria.<\/p>\n\n\n\n<p><strong>Importante lembrar que a DCTFWeb para o 3\u00ba grupo, inicia o per\u00edodo de apura\u00e7\u00e3o a partir de outubro de 2021. Assim, no per\u00edodo de apura\u00e7\u00e3o de julho, agosto e setembro de 2021, v\u00e3o coexistir GFIP e EFD-Reinf.<\/strong><\/p>\n\n\n\n<p>Fonte:&nbsp;RFB<\/p>\n","protected":false},"excerpt":{"rendered":"<p>A Receita Federal publicou a Instru\u00e7\u00e3o Normativa RFB n\u00ba 2043, de 13 de agosto de 2021, revogando e substituindo a Instru\u00e7\u00e3o Normativa RFB n\u00ba 1701, de 2017. Dentre outras altera\u00e7\u00f5es, a nova IN dispensa da apresenta\u00e7\u00e3o da EFD-Reinf todas as empresas que n\u00e3o gerarem fatos a serem informados no per\u00edodo de apura\u00e7\u00e3o. Essa dispensa era [&hellip;]<\/p>\n","protected":false},"author":4,"featured_media":761,"comment_status":"closed","ping_status":"closed","sticky":false,"template":"","format":"standard","meta":[],"categories":[2],"tags":[36,195,16,199,29,200,110,138],"_links":{"self":[{"href":"https:\/\/dynamicconsulting.com.br\/empresa\/wp-json\/wp\/v2\/posts\/759"}],"collection":[{"href":"https:\/\/dynamicconsulting.com.br\/empresa\/wp-json\/wp\/v2\/posts"}],"about":[{"href":"https:\/\/dynamicconsulting.com.br\/empresa\/wp-json\/wp\/v2\/types\/post"}],"author":[{"embeddable":true,"href":"https:\/\/dynamicconsulting.com.br\/empresa\/wp-json\/wp\/v2\/users\/4"}],"replies":[{"embeddable":true,"href":"https:\/\/dynamicconsulting.com.br\/empresa\/wp-json\/wp\/v2\/comments?post=759"}],"version-history":[{"count":1,"href":"https:\/\/dynamicconsulting.com.br\/empresa\/wp-json\/wp\/v2\/posts\/759\/revisions"}],"predecessor-version":[{"id":762,"href":"https:\/\/dynamicconsulting.com.br\/empresa\/wp-json\/wp\/v2\/posts\/759\/revisions\/762"}],"wp:featuredmedia":[{"embeddable":true,"href":"https:\/\/dynamicconsulting.com.br\/empresa\/wp-json\/wp\/v2\/media\/761"}],"wp:attachment":[{"href":"https:\/\/dynamicconsulting.com.br\/empresa\/wp-json\/wp\/v2\/media?parent=759"}],"wp:term":[{"taxonomy":"category","embeddable":true,"href":"https:\/\/dynamicconsulting.com.br\/empresa\/wp-json\/wp\/v2\/categories?post=759"},{"taxonomy":"post_tag","embeddable":true,"href":"https:\/\/dynamicconsulting.com.br\/empresa\/wp-json\/wp\/v2\/tags?post=759"}],"curies":[{"name":"wp","href":"https:\/\/api.w.org\/{rel}","templated":true}]}}